{"id":123,"date":"2019-07-11T09:16:09","date_gmt":"2019-07-11T06:16:09","guid":{"rendered":"https:\/\/www.turkishgram.com\/blog\/?p=123"},"modified":"2020-03-27T13:58:14","modified_gmt":"2020-03-27T10:58:14","slug":"instagram-videolarinda-sesi-kapatma-ve-acma","status":"publish","type":"post","link":"https:\/\/www.turkishgram.com\/blog\/instagram-videolarinda-sesi-kapatma-ve-acma","title":{"rendered":"Instagram Videolar\u0131nda Sesi Kapatma ve A\u00e7ma"},"content":{"rendered":"<div id=\"ez-toc-container\" class=\"ez-toc-v2_0_68_1 counter-hierarchy ez-toc-counter ez-toc-grey ez-toc-container-direction\">\n<div class=\"ez-toc-title-container\">\n<p class=\"ez-toc-title \" >\u0130&ccedil;indekiler<\/p>\n<span class=\"ez-toc-title-toggle\"><a href=\"#\" class=\"ez-toc-pull-right ez-toc-btn ez-toc-btn-xs ez-toc-btn-default ez-toc-toggle\" aria-label=\"Toggle Table of Content\"><span class=\"ez-toc-js-icon-con\"><span class=\"\"><span class=\"eztoc-hide\" style=\"display:none;\">Toggle<\/span><span class=\"ez-toc-icon-toggle-span\"><svg style=\"fill: #999;color:#999\" xmlns=\"http:\/\/www.w3.org\/2000\/svg\" class=\"list-377408\" width=\"20px\" height=\"20px\" viewBox=\"0 0 24 24\" fill=\"none\"><path d=\"M6 6H4v2h2V6zm14 0H8v2h12V6zM4 11h2v2H4v-2zm16 0H8v2h12v-2zM4 16h2v2H4v-2zm16 0H8v2h12v-2z\" fill=\"currentColor\"><\/path><\/svg><svg style=\"fill: #999;color:#999\" class=\"arrow-unsorted-368013\" xmlns=\"http:\/\/www.w3.org\/2000\/svg\" width=\"10px\" height=\"10px\" viewBox=\"0 0 24 24\" version=\"1.2\" baseProfile=\"tiny\"><path d=\"M18.2 9.3l-6.2-6.3-6.2 6.3c-.2.2-.3.4-.3.7s.1.5.3.7c.2.2.4.3.7.3h11c.3 0 .5-.1.7-.3.2-.2.3-.5.3-.7s-.1-.5-.3-.7zM5.8 14.7l6.2 6.3 6.2-6.3c.2-.2.3-.5.3-.7s-.1-.5-.3-.7c-.2-.2-.4-.3-.7-.3h-11c-.3 0-.5.1-.7.3-.2.2-.3.5-.3.7s.1.5.3.7z\"\/><\/svg><\/span><\/span><\/span><\/a><\/span><\/div>\n<nav><ul class='ez-toc-list ez-toc-list-level-1 ' ><li class='ez-toc-page-1 ez-toc-heading-level-2'><a class=\"ez-toc-link ez-toc-heading-1\" href=\"https:\/\/www.turkishgram.com\/blog\/instagram-videolarinda-sesi-kapatma-ve-acma\/#Instagram_Videolarinda_Sesi_Kapatma_Islemi_Nasil_Yapilir\" title=\"Instagram Videolar\u0131nda Sesi Kapatma \u0130\u015flemi Nas\u0131l Yap\u0131l\u0131r ?\">Instagram Videolar\u0131nda Sesi Kapatma \u0130\u015flemi Nas\u0131l Yap\u0131l\u0131r ?<\/a><\/li><li class='ez-toc-page-1 ez-toc-heading-level-2'><a class=\"ez-toc-link ez-toc-heading-2\" href=\"https:\/\/www.turkishgram.com\/blog\/instagram-videolarinda-sesi-kapatma-ve-acma\/#Instagram_Hikayesinde_Video_Sesi_Nasil_Kapatilir\" title=\"Instagram Hikayesinde Video Sesi Nas\u0131l Kapat\u0131l\u0131r ?\">Instagram Hikayesinde Video Sesi Nas\u0131l Kapat\u0131l\u0131r ?<\/a><\/li><li class='ez-toc-page-1 ez-toc-heading-level-2'><a class=\"ez-toc-link ez-toc-heading-3\" href=\"https:\/\/www.turkishgram.com\/blog\/instagram-videolarinda-sesi-kapatma-ve-acma\/#Instagram_Video_Gonderilerinde_Ses_Nasil_Kapatilir\" title=\"Instagram Video G\u00f6nderilerinde Ses Nas\u0131l Kapat\u0131l\u0131r ?\">Instagram Video G\u00f6nderilerinde Ses Nas\u0131l Kapat\u0131l\u0131r ?<\/a><\/li><li class='ez-toc-page-1 ez-toc-heading-level-2'><a class=\"ez-toc-link ez-toc-heading-4\" href=\"https:\/\/www.turkishgram.com\/blog\/instagram-videolarinda-sesi-kapatma-ve-acma\/#Instagram_Videolarinda_Sesi_Acma_Islemi_Nasil_Yapilir\" title=\"Instagram Videolar\u0131nda Sesi A\u00e7ma \u0130\u015flemi Nas\u0131l Yap\u0131l\u0131r ?\">Instagram Videolar\u0131nda Sesi A\u00e7ma \u0130\u015flemi Nas\u0131l Yap\u0131l\u0131r ?<\/a><\/li><li class='ez-toc-page-1 ez-toc-heading-level-2'><a class=\"ez-toc-link ez-toc-heading-5\" href=\"https:\/\/www.turkishgram.com\/blog\/instagram-videolarinda-sesi-kapatma-ve-acma\/#Instagramda_Baskalarinin_Paylastigi_Videolarin_Sesi_Nasil_Acilir_Kapatilir\" title=\"Instagram&#8217;da Ba\u015fkalar\u0131n\u0131n Payla\u015ft\u0131\u011f\u0131 Videolar\u0131n Sesi Nas\u0131l A\u00e7\u0131l\u0131r \/ Kapat\u0131l\u0131r ?\">Instagram&#8217;da Ba\u015fkalar\u0131n\u0131n Payla\u015ft\u0131\u011f\u0131 Videolar\u0131n Sesi Nas\u0131l A\u00e7\u0131l\u0131r \/ Kapat\u0131l\u0131r ?<\/a><\/li><li class='ez-toc-page-1 ez-toc-heading-level-2'><a class=\"ez-toc-link ez-toc-heading-6\" href=\"https:\/\/www.turkishgram.com\/blog\/instagram-videolarinda-sesi-kapatma-ve-acma\/#Instagram_Video_Sesi_Durmuyor_Problemi\" title=\"Instagram Video Sesi Durmuyor Problemi\">Instagram Video Sesi Durmuyor Problemi<\/a><\/li><li class='ez-toc-page-1 ez-toc-heading-level-2'><a class=\"ez-toc-link ez-toc-heading-7\" href=\"https:\/\/www.turkishgram.com\/blog\/instagram-videolarinda-sesi-kapatma-ve-acma\/#Instagram_Videolarina_Nasil_Muzik_Eklenir\" title=\"Instagram Videolar\u0131na Nas\u0131l M\u00fczik Eklenir ?\">Instagram Videolar\u0131na Nas\u0131l M\u00fczik Eklenir ?<\/a><\/li><\/ul><\/nav><\/div>\n<p>\u00c7o\u011fu instagram kullan\u0131c\u0131s\u0131 \u00e7ekti\u011fi videoyu instagram \u00fczerinden sevdikleri ya da tan\u0131d\u0131klar\u0131 ki\u015filer ile payla\u015fmak ister. \u00d6zellikle de att\u0131\u011f\u0131m\u0131z videolar\u0131n sesli olmas\u0131 videoyu daha etkileyici k\u0131lar ve daha zevkli hale getirir. Fakat bunun aksi durumlar da olabilir. Yani payla\u015fmak istedi\u011fimiz videoda alakas\u0131z sesler ya da g\u00fcr\u00fclt\u00fcl\u00fc bir arka plan olabilir ve bu durumda da instagram videolar\u0131n\u0131z\u0131n sesini kapatmak isteyebilirsiniz. Bu yaz\u0131m\u0131zda <strong>instagram videolar\u0131nda sesi kapatma ve a\u00e7ma<\/strong> nas\u0131l olur sizlerle payla\u015faca\u011f\u0131z.<\/p>\n<h2><span class=\"ez-toc-section\" id=\"Instagram_Videolarinda_Sesi_Kapatma_Islemi_Nasil_Yapilir\"><\/span>Instagram Videolar\u0131nda Sesi Kapatma \u0130\u015flemi Nas\u0131l Yap\u0131l\u0131r ?<span class=\"ez-toc-section-end\"><\/span><\/h2>\n<p>Instagram&#8217;da istedi\u011finiz videoyu hikaye ya da payla\u015f\u0131m olarak payla\u015fabilirsiniz. E\u011fer videonuzun sesinin di\u011fer kullan\u0131c\u0131lar taraf\u0131ndan duyulmas\u0131n\u0131 istemiyorsan\u0131z <strong>instagram videolar\u0131nda sesi kapatma<\/strong> nas\u0131l yap\u0131l\u0131r onu anlataca\u011f\u0131z.<\/p>\n<h2><span class=\"ez-toc-section\" id=\"Instagram_Hikayesinde_Video_Sesi_Nasil_Kapatilir\"><\/span><strong>Instagram Hikayesinde Video Sesi Nas\u0131l Kapat\u0131l\u0131r ?<\/strong><span class=\"ez-toc-section-end\"><\/span><\/h2>\n<p>\u00d6ncelikle videonuzu e\u011fer instagram hikayenizde payla\u015fmak istiyorsan\u0131z videonuzu sesli ya da sessiz diledi\u011finiz gibi payla\u015fabilirsiniz. \u0130nstagram hikaye videolar\u0131n\u0131z\u0131 sessiz yani sesi kapatarak nas\u0131l payla\u015fabilece\u011finizi \u00f6\u011frenmek i\u00e7in a\u015fa\u011f\u0131da sayaca\u011f\u0131m\u0131z i\u015flemleri yerine getirebilirsiniz:<\/p>\n<ul>\n<li>Instagram hikaye b\u00f6l\u00fcm\u00fcne gidin ve film rulonuzdan payla\u015fmak istedi\u011finiz videoyu a\u00e7\u0131n.<\/li>\n<li>Sa\u011f \u00fcst k\u00f6\u015fede bir hoparl\u00f6r simgesi g\u00f6receksiniz. E\u011fer o hoparl\u00f6r simgesine dokunursan\u0131z, simgedeki ses dalgalar\u0131 kaybolur ve onlar\u0131n yerine bir \u00e7arp\u0131 i\u015fareti gelir.<\/li>\n<li>\u00c7arp\u0131 i\u015fareti geldikten sonra bu art\u0131k instagram hikayenizde payla\u015faca\u011f\u0131n\u0131z videonun sesinin olmayaca\u011f\u0131 ve takip\u00e7ilerinizin de videolar\u0131n\u0131z\u0131 sessiz bir \u015fekilde izleyece\u011fi anlam\u0131na gelir.<\/li>\n<li>Bu i\u015flemleri yapt\u0131ktan sonra videonuzu yay\u0131nlayabilirsiniz. Sesi kapatt\u0131\u011f\u0131n\u0131z instagram hikayesi videolar\u0131n\u0131z\u0131 g\u00f6r\u00fcnt\u00fcleyenler herhangi bir ses duymayacaklard\u0131r.<\/li>\n<\/ul>\n<h2><span class=\"ez-toc-section\" id=\"Instagram_Video_Gonderilerinde_Ses_Nasil_Kapatilir\"><\/span>Instagram Video G\u00f6nderilerinde Ses Nas\u0131l Kapat\u0131l\u0131r ?<span class=\"ez-toc-section-end\"><\/span><\/h2>\n<p>Instagram&#8217;da g\u00f6nderi olarak payla\u015faca\u011f\u0131n\u0131z ve sesinin duyulmas\u0131n\u0131 istemedi\u011finiz videolar\u0131n\u0131z\u0131n sesini nas\u0131l kapataca\u011f\u0131n\u0131z\u0131 bilmiyorsan\u0131z, a\u015fa\u011f\u0131da sayaca\u011f\u0131m\u0131z i\u015flemleri uygulayarak instagram videonuzu sessiz olarak payla\u015fabilirsiniz.<\/p>\n<ul>\n<li>Instagram video g\u00f6nderilerinde ses kapatma i\u015flemi de t\u0131pk\u0131 instagram hikayede video sesi kapatmaya benzer. Fakat baz\u0131 farkl\u0131l\u0131klar vard\u0131r.<\/li>\n<li>Film rulonuzdan g\u00f6nderinizde payla\u015fmak istedi\u011finiz videoyu se\u00e7in.<\/li>\n<li>Videonun \u00fcst\u00fcnde yer alan hoparl\u00f6r simgesine t\u0131klay\u0131n.<\/li>\n<li>Hoparl\u00f6rdeki ses dalgas\u0131 gittiyse payla\u015faca\u011f\u0131n\u0131z videonun herhangi bir sesi olmayaca\u011f\u0131ndan emin olabilirsiniz.<\/li>\n<\/ul>\n<h2><span class=\"ez-toc-section\" id=\"Instagram_Videolarinda_Sesi_Acma_Islemi_Nasil_Yapilir\"><\/span>Instagram Videolar\u0131nda Sesi A\u00e7ma \u0130\u015flemi Nas\u0131l Yap\u0131l\u0131r ?<span class=\"ez-toc-section-end\"><\/span><\/h2>\n<p><strong>Instagram videolar\u0131nda sesi a\u00e7ma&nbsp;<\/strong>i\u015flemi i\u00e7in ekstra olarak herhangi bir \u015fey yapman\u0131za gerek yok. E\u011fer instagram videolar\u0131nda sesi kapatma i\u00e7in yukar\u0131da sayd\u0131\u011f\u0131m\u0131z i\u015flemlerin hi\u00e7birini uygulamadan videolar\u0131n\u0131z\u0131 direk olarak payla\u015f\u0131rsan\u0131z, otomatik olarak videolar\u0131n\u0131z sesli olarak kullan\u0131c\u0131lar taraf\u0131ndan izlenir.<\/p>\n<h2><span class=\"ez-toc-section\" id=\"Instagramda_Baskalarinin_Paylastigi_Videolarin_Sesi_Nasil_Acilir_Kapatilir\"><\/span>Instagram&#8217;da Ba\u015fkalar\u0131n\u0131n Payla\u015ft\u0131\u011f\u0131 Videolar\u0131n Sesi Nas\u0131l A\u00e7\u0131l\u0131r \/ Kapat\u0131l\u0131r ?<span class=\"ez-toc-section-end\"><\/span><\/h2>\n<p>Bu i\u015flemde t\u0131pk\u0131 di\u011fer i\u015flemler gibi olduk\u00e7a kolayd\u0131r. Instagram&#8217;da gezinirken kar\u015f\u0131n\u0131za \u00e7\u0131kan videolar ilk olarak sessiz olur ve sadece g\u00f6r\u00fcnt\u00fc vard\u0131r fakat videonun \u00fcst\u00fcne t\u0131klarsan\u0131z videonun sesi a\u00e7\u0131l\u0131r ve videoyu sesli bir \u015fekilde izlersiniz. E\u011fer videoyu izlemeyi bitirdikten sonra sesi kapatmazsan\u0131z bir sonraki instagram&#8217;da di\u011fer g\u00f6rece\u011finiz t\u00fcm videolarda da ses aktif olur ve daha fazla bir i\u015flem yapman\u0131za gerek kalmaz. \u0130zledi\u011finiz instagram videolar\u0131n\u0131n sesini kapatmak i\u00e7in ise videonun \u00fcst\u00fcne t\u0131klaman\u0131z yeterli olacakt\u0131r.<\/p>\n<h2><span class=\"ez-toc-section\" id=\"Instagram_Video_Sesi_Durmuyor_Problemi\"><\/span>Instagram Video Sesi Durmuyor Problemi<span class=\"ez-toc-section-end\"><\/span><\/h2>\n<p>Videonun \u00fczerine t\u0131klaman\u0131za ra\u011fmen videonun sesi durmuyor yani kapanm\u0131yor ise telefonunuzun sesini k\u0131sabilirsiniz. Ne yaz\u0131k ki instagram&#8217;da videolar\u0131n ses d\u00fczeyini ayarlamak i\u00e7in herhangi bir \u00f6zellik bulunmamaktad\u0131r ve bu durumda da yap\u0131lacak en uygun \u015fey sizin kendi telefon sesini k\u0131sman\u0131zd\u0131r.<\/p>\n<h2><span class=\"ez-toc-section\" id=\"Instagram_Videolarina_Nasil_Muzik_Eklenir\"><\/span>Instagram Videolar\u0131na Nas\u0131l M\u00fczik Eklenir ?<span class=\"ez-toc-section-end\"><\/span><\/h2>\n<p>Instagram, videolar\u0131na fon m\u00fczi\u011fi eklemek isteyen kullan\u0131c\u0131lar i\u00e7in&nbsp; herhangi yeni bir \u00f6zellik geli\u015ftirmi\u015f de\u011fil. E\u011fer instagram&#8217;da payla\u015faca\u011f\u0131n\u0131z videoya m\u00fczik eklemek istiyorsan\u0131z bunu farkl\u0131 uygulamalar \u00fczerinden yap\u0131p kaydederek daha sonra Instagram \u00fczerinde hikaye ya da g\u00f6nderi olarak payla\u015fabilirsiniz. Videonuza m\u00fczik eklemek i\u00e7in uygulama ma\u011fazan\u0131zda bir\u00e7ok uygulama bulabilir ve size en uygun olan\u0131 indirebilirsiniz.<\/p>\n","protected":false},"excerpt":{"rendered":"<p>\u00c7o\u011fu instagram kullan\u0131c\u0131s\u0131 \u00e7ekti\u011fi videoyu instagram \u00fczerinden sevdikleri ya da tan\u0131d\u0131klar\u0131 ki\u015filer ile payla\u015fmak ister. \u00d6zellikle de att\u0131\u011f\u0131m\u0131z videolar\u0131n sesli olmas\u0131 videoyu daha etkileyici k\u0131lar ve daha zevkli hale getirir. Fakat bunun aksi durumlar da olabilir. Yani payla\u015fmak istedi\u011fimiz videoda alakas\u0131z sesler ya da g\u00fcr\u00fclt\u00fcl\u00fc bir arka plan olabilir ve [&hellip;]<\/p>\n","protected":false},"author":1,"featured_media":140,"comment_status":"open","ping_status":"open","sticky":false,"template":"","format":"standard","meta":{"footnotes":""},"categories":[2],"tags":[],"class_list":["post-123","post","type-post","status-publish","format-standard","has-post-thumbnail","hentry","category-instagram","entry"],"yoast_head":"<!-- This site is optimized with the Yoast SEO plugin v23.3 - https:\/\/yoast.com\/wordpress\/plugins\/seo\/ -->\n<title>Instagram Videolar\u0131nda Sesi Kapatma ve A\u00e7ma - Turkishgram<\/title>\n<meta name=\"description\" content=\"Bu yaz\u0131m\u0131zda instagram videolar\u0131nda sesi a\u00e7ma ve sesi kapatma i\u015flemlerinin nas\u0131l oldu\u011funu anlatt\u0131k. Detaylar\u0131 yaz\u0131m\u0131zdan inceleyebilirsiniz.\" \/>\n<meta name=\"robots\" content=\"index, follow, max-snippet:-1, max-image-preview:large, max-video-preview:-1\" \/>\n<link rel=\"canonical\" href=\"https:\/\/www.turkishgram.com\/blog\/instagram-videolarinda-sesi-kapatma-ve-acma\" \/>\n<meta property=\"og:locale\" content=\"tr_TR\" \/>\n<meta property=\"og:type\" content=\"article\" \/>\n<meta property=\"og:title\" content=\"Instagram Videolar\u0131nda Sesi Kapatma ve A\u00e7ma - Turkishgram\" \/>\n<meta property=\"og:description\" content=\"Bu yaz\u0131m\u0131zda instagram videolar\u0131nda sesi a\u00e7ma ve sesi kapatma i\u015flemlerinin nas\u0131l oldu\u011funu anlatt\u0131k. Detaylar\u0131 yaz\u0131m\u0131zdan inceleyebilirsiniz.\" \/>\n<meta property=\"og:url\" content=\"https:\/\/www.turkishgram.com\/blog\/instagram-videolarinda-sesi-kapatma-ve-acma\" \/>\n<meta property=\"og:site_name\" content=\"Turkishgram.Com\" \/>\n<meta property=\"article:published_time\" content=\"2019-07-11T06:16:09+00:00\" \/>\n<meta property=\"article:modified_time\" content=\"2020-03-27T10:58:14+00:00\" \/>\n<meta property=\"og:image\" content=\"https:\/\/www.turkishgram.com\/blog\/wp-content\/uploads\/2019\/07\/instagram-videolarinda-sesi-kapatma-ve-acma.jpg\" \/>\n\t<meta property=\"og:image:width\" content=\"660\" \/>\n\t<meta property=\"og:image:height\" content=\"371\" \/>\n\t<meta property=\"og:image:type\" content=\"image\/jpeg\" \/>\n<meta name=\"author\" content=\"turkishgram\" \/>\n<meta name=\"twitter:card\" content=\"summary_large_image\" \/>\n<meta name=\"twitter:label1\" content=\"Yazan:\" \/>\n\t<meta name=\"twitter:data1\" content=\"turkishgram\" \/>\n\t<meta name=\"twitter:label2\" content=\"Tahmini okuma s\u00fcresi\" \/>\n\t<meta name=\"twitter:data2\" content=\"4 dakika\" \/>\n<script type=\"application\/ld+json\" class=\"yoast-schema-graph\">{\"@context\":\"https:\/\/schema.org\",\"@graph\":[{\"@type\":\"Article\",\"@id\":\"https:\/\/www.turkishgram.com\/blog\/instagram-videolarinda-sesi-kapatma-ve-acma#article\",\"isPartOf\":{\"@id\":\"https:\/\/www.turkishgram.com\/blog\/instagram-videolarinda-sesi-kapatma-ve-acma\"},\"author\":{\"name\":\"turkishgram\",\"@id\":\"https:\/\/www.turkishgram.com\/blog\/#\/schema\/person\/f6553bb1bb981f65c5739661ac73cb92\"},\"headline\":\"Instagram Videolar\u0131nda Sesi Kapatma ve A\u00e7ma\",\"datePublished\":\"2019-07-11T06:16:09+00:00\",\"dateModified\":\"2020-03-27T10:58:14+00:00\",\"mainEntityOfPage\":{\"@id\":\"https:\/\/www.turkishgram.com\/blog\/instagram-videolarinda-sesi-kapatma-ve-acma\"},\"wordCount\":769,\"commentCount\":0,\"publisher\":{\"@id\":\"https:\/\/www.turkishgram.com\/blog\/#organization\"},\"image\":{\"@id\":\"https:\/\/www.turkishgram.com\/blog\/instagram-videolarinda-sesi-kapatma-ve-acma#primaryimage\"},\"thumbnailUrl\":\"https:\/\/www.turkishgram.com\/blog\/wp-content\/uploads\/2019\/07\/instagram-videolarinda-sesi-kapatma-ve-acma.jpg\",\"articleSection\":[\"Instagram\"],\"inLanguage\":\"tr\",\"potentialAction\":[{\"@type\":\"CommentAction\",\"name\":\"Comment\",\"target\":[\"https:\/\/www.turkishgram.com\/blog\/instagram-videolarinda-sesi-kapatma-ve-acma#respond\"]}]},{\"@type\":\"WebPage\",\"@id\":\"https:\/\/www.turkishgram.com\/blog\/instagram-videolarinda-sesi-kapatma-ve-acma\",\"url\":\"https:\/\/www.turkishgram.com\/blog\/instagram-videolarinda-sesi-kapatma-ve-acma\",\"name\":\"Instagram Videolar\u0131nda Sesi Kapatma ve A\u00e7ma - Turkishgram\",\"isPartOf\":{\"@id\":\"https:\/\/www.turkishgram.com\/blog\/#website\"},\"primaryImageOfPage\":{\"@id\":\"https:\/\/www.turkishgram.com\/blog\/instagram-videolarinda-sesi-kapatma-ve-acma#primaryimage\"},\"image\":{\"@id\":\"https:\/\/www.turkishgram.com\/blog\/instagram-videolarinda-sesi-kapatma-ve-acma#primaryimage\"},\"thumbnailUrl\":\"https:\/\/www.turkishgram.com\/blog\/wp-content\/uploads\/2019\/07\/instagram-videolarinda-sesi-kapatma-ve-acma.jpg\",\"datePublished\":\"2019-07-11T06:16:09+00:00\",\"dateModified\":\"2020-03-27T10:58:14+00:00\",\"description\":\"Bu yaz\u0131m\u0131zda instagram videolar\u0131nda sesi a\u00e7ma ve sesi kapatma i\u015flemlerinin nas\u0131l oldu\u011funu anlatt\u0131k. Detaylar\u0131 yaz\u0131m\u0131zdan inceleyebilirsiniz.\",\"breadcrumb\":{\"@id\":\"https:\/\/www.turkishgram.com\/blog\/instagram-videolarinda-sesi-kapatma-ve-acma#breadcrumb\"},\"inLanguage\":\"tr\",\"potentialAction\":[{\"@type\":\"ReadAction\",\"target\":[\"https:\/\/www.turkishgram.com\/blog\/instagram-videolarinda-sesi-kapatma-ve-acma\"]}]},{\"@type\":\"ImageObject\",\"inLanguage\":\"tr\",\"@id\":\"https:\/\/www.turkishgram.com\/blog\/instagram-videolarinda-sesi-kapatma-ve-acma#primaryimage\",\"url\":\"https:\/\/www.turkishgram.com\/blog\/wp-content\/uploads\/2019\/07\/instagram-videolarinda-sesi-kapatma-ve-acma.jpg\",\"contentUrl\":\"https:\/\/www.turkishgram.com\/blog\/wp-content\/uploads\/2019\/07\/instagram-videolarinda-sesi-kapatma-ve-acma.jpg\",\"width\":660,\"height\":371},{\"@type\":\"BreadcrumbList\",\"@id\":\"https:\/\/www.turkishgram.com\/blog\/instagram-videolarinda-sesi-kapatma-ve-acma#breadcrumb\",\"itemListElement\":[{\"@type\":\"ListItem\",\"position\":1,\"name\":\"Ana sayfa\",\"item\":\"https:\/\/www.turkishgram.com\/blog\/\"},{\"@type\":\"ListItem\",\"position\":2,\"name\":\"Instagram\",\"item\":\"https:\/\/www.turkishgram.com\/blog\/kategori\/instagram\"},{\"@type\":\"ListItem\",\"position\":3,\"name\":\"Instagram Videolar\u0131nda Sesi Kapatma ve A\u00e7ma\"}]},{\"@type\":\"WebSite\",\"@id\":\"https:\/\/www.turkishgram.com\/blog\/#website\",\"url\":\"https:\/\/www.turkishgram.com\/blog\/\",\"name\":\"Turkishgram.Com\",\"description\":\"Instagram Takip\u00e7i Sat\u0131n Al - Aktif &amp; T\u00fcrk &amp; Ger\u00e7ek\",\"publisher\":{\"@id\":\"https:\/\/www.turkishgram.com\/blog\/#organization\"},\"potentialAction\":[{\"@type\":\"SearchAction\",\"target\":{\"@type\":\"EntryPoint\",\"urlTemplate\":\"https:\/\/www.turkishgram.com\/blog\/?s={search_term_string}\"},\"query-input\":\"required name=search_term_string\"}],\"inLanguage\":\"tr\"},{\"@type\":\"Organization\",\"@id\":\"https:\/\/www.turkishgram.com\/blog\/#organization\",\"name\":\"Turkishgram.Com\",\"url\":\"https:\/\/www.turkishgram.com\/blog\/\",\"logo\":{\"@type\":\"ImageObject\",\"inLanguage\":\"tr\",\"@id\":\"https:\/\/www.turkishgram.com\/blog\/#\/schema\/logo\/image\/\",\"url\":\"https:\/\/www.turkishgram.com\/blog\/wp-content\/uploads\/2019\/07\/logo.png\",\"contentUrl\":\"https:\/\/www.turkishgram.com\/blog\/wp-content\/uploads\/2019\/07\/logo.png\",\"width\":275,\"height\":108,\"caption\":\"Turkishgram.Com\"},\"image\":{\"@id\":\"https:\/\/www.turkishgram.com\/blog\/#\/schema\/logo\/image\/\"}},{\"@type\":\"Person\",\"@id\":\"https:\/\/www.turkishgram.com\/blog\/#\/schema\/person\/f6553bb1bb981f65c5739661ac73cb92\",\"name\":\"turkishgram\",\"image\":{\"@type\":\"ImageObject\",\"inLanguage\":\"tr\",\"@id\":\"https:\/\/www.turkishgram.com\/blog\/#\/schema\/person\/image\/\",\"url\":\"https:\/\/secure.gravatar.com\/avatar\/4ef6f68d9cf846ed6cf8fbe79f25609c?s=96&d=mm&r=g\",\"contentUrl\":\"https:\/\/secure.gravatar.com\/avatar\/4ef6f68d9cf846ed6cf8fbe79f25609c?s=96&d=mm&r=g\",\"caption\":\"turkishgram\"},\"url\":\"https:\/\/www.turkishgram.com\/blog\/author\/turkishgram\"}]}<\/script>\n<!-- \/ Yoast SEO plugin. -->","yoast_head_json":{"title":"Instagram Videolar\u0131nda Sesi Kapatma ve A\u00e7ma - Turkishgram","description":"Bu yaz\u0131m\u0131zda instagram videolar\u0131nda sesi a\u00e7ma ve sesi kapatma i\u015flemlerinin nas\u0131l oldu\u011funu anlatt\u0131k. Detaylar\u0131 yaz\u0131m\u0131zdan inceleyebilirsiniz.","robots":{"index":"index","follow":"follow","max-snippet":"max-snippet:-1","max-image-preview":"max-image-preview:large","max-video-preview":"max-video-preview:-1"},"canonical":"https:\/\/www.turkishgram.com\/blog\/instagram-videolarinda-sesi-kapatma-ve-acma","og_locale":"tr_TR","og_type":"article","og_title":"Instagram Videolar\u0131nda Sesi Kapatma ve A\u00e7ma - Turkishgram","og_description":"Bu yaz\u0131m\u0131zda instagram videolar\u0131nda sesi a\u00e7ma ve sesi kapatma i\u015flemlerinin nas\u0131l oldu\u011funu anlatt\u0131k. Detaylar\u0131 yaz\u0131m\u0131zdan inceleyebilirsiniz.","og_url":"https:\/\/www.turkishgram.com\/blog\/instagram-videolarinda-sesi-kapatma-ve-acma","og_site_name":"Turkishgram.Com","article_published_time":"2019-07-11T06:16:09+00:00","article_modified_time":"2020-03-27T10:58:14+00:00","og_image":[{"width":660,"height":371,"url":"https:\/\/www.turkishgram.com\/blog\/wp-content\/uploads\/2019\/07\/instagram-videolarinda-sesi-kapatma-ve-acma.jpg","type":"image\/jpeg"}],"author":"turkishgram","twitter_card":"summary_large_image","twitter_misc":{"Yazan:":"turkishgram","Tahmini okuma s\u00fcresi":"4 dakika"},"schema":{"@context":"https:\/\/schema.org","@graph":[{"@type":"Article","@id":"https:\/\/www.turkishgram.com\/blog\/instagram-videolarinda-sesi-kapatma-ve-acma#article","isPartOf":{"@id":"https:\/\/www.turkishgram.com\/blog\/instagram-videolarinda-sesi-kapatma-ve-acma"},"author":{"name":"turkishgram","@id":"https:\/\/www.turkishgram.com\/blog\/#\/schema\/person\/f6553bb1bb981f65c5739661ac73cb92"},"headline":"Instagram Videolar\u0131nda Sesi Kapatma ve A\u00e7ma","datePublished":"2019-07-11T06:16:09+00:00","dateModified":"2020-03-27T10:58:14+00:00","mainEntityOfPage":{"@id":"https:\/\/www.turkishgram.com\/blog\/instagram-videolarinda-sesi-kapatma-ve-acma"},"wordCount":769,"commentCount":0,"publisher":{"@id":"https:\/\/www.turkishgram.com\/blog\/#organization"},"image":{"@id":"https:\/\/www.turkishgram.com\/blog\/instagram-videolarinda-sesi-kapatma-ve-acma#primaryimage"},"thumbnailUrl":"https:\/\/www.turkishgram.com\/blog\/wp-content\/uploads\/2019\/07\/instagram-videolarinda-sesi-kapatma-ve-acma.jpg","articleSection":["Instagram"],"inLanguage":"tr","potentialAction":[{"@type":"CommentAction","name":"Comment","target":["https:\/\/www.turkishgram.com\/blog\/instagram-videolarinda-sesi-kapatma-ve-acma#respond"]}]},{"@type":"WebPage","@id":"https:\/\/www.turkishgram.com\/blog\/instagram-videolarinda-sesi-kapatma-ve-acma","url":"https:\/\/www.turkishgram.com\/blog\/instagram-videolarinda-sesi-kapatma-ve-acma","name":"Instagram Videolar\u0131nda Sesi Kapatma ve A\u00e7ma - Turkishgram","isPartOf":{"@id":"https:\/\/www.turkishgram.com\/blog\/#website"},"primaryImageOfPage":{"@id":"https:\/\/www.turkishgram.com\/blog\/instagram-videolarinda-sesi-kapatma-ve-acma#primaryimage"},"image":{"@id":"https:\/\/www.turkishgram.com\/blog\/instagram-videolarinda-sesi-kapatma-ve-acma#primaryimage"},"thumbnailUrl":"https:\/\/www.turkishgram.com\/blog\/wp-content\/uploads\/2019\/07\/instagram-videolarinda-sesi-kapatma-ve-acma.jpg","datePublished":"2019-07-11T06:16:09+00:00","dateModified":"2020-03-27T10:58:14+00:00","description":"Bu yaz\u0131m\u0131zda instagram videolar\u0131nda sesi a\u00e7ma ve sesi kapatma i\u015flemlerinin nas\u0131l oldu\u011funu anlatt\u0131k. Detaylar\u0131 yaz\u0131m\u0131zdan inceleyebilirsiniz.","breadcrumb":{"@id":"https:\/\/www.turkishgram.com\/blog\/instagram-videolarinda-sesi-kapatma-ve-acma#breadcrumb"},"inLanguage":"tr","potentialAction":[{"@type":"ReadAction","target":["https:\/\/www.turkishgram.com\/blog\/instagram-videolarinda-sesi-kapatma-ve-acma"]}]},{"@type":"ImageObject","inLanguage":"tr","@id":"https:\/\/www.turkishgram.com\/blog\/instagram-videolarinda-sesi-kapatma-ve-acma#primaryimage","url":"https:\/\/www.turkishgram.com\/blog\/wp-content\/uploads\/2019\/07\/instagram-videolarinda-sesi-kapatma-ve-acma.jpg","contentUrl":"https:\/\/www.turkishgram.com\/blog\/wp-content\/uploads\/2019\/07\/instagram-videolarinda-sesi-kapatma-ve-acma.jpg","width":660,"height":371},{"@type":"BreadcrumbList","@id":"https:\/\/www.turkishgram.com\/blog\/instagram-videolarinda-sesi-kapatma-ve-acma#breadcrumb","itemListElement":[{"@type":"ListItem","position":1,"name":"Ana sayfa","item":"https:\/\/www.turkishgram.com\/blog\/"},{"@type":"ListItem","position":2,"name":"Instagram","item":"https:\/\/www.turkishgram.com\/blog\/kategori\/instagram"},{"@type":"ListItem","position":3,"name":"Instagram Videolar\u0131nda Sesi Kapatma ve A\u00e7ma"}]},{"@type":"WebSite","@id":"https:\/\/www.turkishgram.com\/blog\/#website","url":"https:\/\/www.turkishgram.com\/blog\/","name":"Turkishgram.Com","description":"Instagram Takip\u00e7i Sat\u0131n Al - Aktif &amp; T\u00fcrk &amp; Ger\u00e7ek","publisher":{"@id":"https:\/\/www.turkishgram.com\/blog\/#organization"},"potentialAction":[{"@type":"SearchAction","target":{"@type":"EntryPoint","urlTemplate":"https:\/\/www.turkishgram.com\/blog\/?s={search_term_string}"},"query-input":"required name=search_term_string"}],"inLanguage":"tr"},{"@type":"Organization","@id":"https:\/\/www.turkishgram.com\/blog\/#organization","name":"Turkishgram.Com","url":"https:\/\/www.turkishgram.com\/blog\/","logo":{"@type":"ImageObject","inLanguage":"tr","@id":"https:\/\/www.turkishgram.com\/blog\/#\/schema\/logo\/image\/","url":"https:\/\/www.turkishgram.com\/blog\/wp-content\/uploads\/2019\/07\/logo.png","contentUrl":"https:\/\/www.turkishgram.com\/blog\/wp-content\/uploads\/2019\/07\/logo.png","width":275,"height":108,"caption":"Turkishgram.Com"},"image":{"@id":"https:\/\/www.turkishgram.com\/blog\/#\/schema\/logo\/image\/"}},{"@type":"Person","@id":"https:\/\/www.turkishgram.com\/blog\/#\/schema\/person\/f6553bb1bb981f65c5739661ac73cb92","name":"turkishgram","image":{"@type":"ImageObject","inLanguage":"tr","@id":"https:\/\/www.turkishgram.com\/blog\/#\/schema\/person\/image\/","url":"https:\/\/secure.gravatar.com\/avatar\/4ef6f68d9cf846ed6cf8fbe79f25609c?s=96&d=mm&r=g","contentUrl":"https:\/\/secure.gravatar.com\/avatar\/4ef6f68d9cf846ed6cf8fbe79f25609c?s=96&d=mm&r=g","caption":"turkishgram"},"url":"https:\/\/www.turkishgram.com\/blog\/author\/turkishgram"}]}},"_links":{"self":[{"href":"https:\/\/www.turkishgram.com\/blog\/wp-json\/wp\/v2\/posts\/123"}],"collection":[{"href":"https:\/\/www.turkishgram.com\/blog\/wp-json\/wp\/v2\/posts"}],"about":[{"href":"https:\/\/www.turkishgram.com\/blog\/wp-json\/wp\/v2\/types\/post"}],"author":[{"embeddable":true,"href":"https:\/\/www.turkishgram.com\/blog\/wp-json\/wp\/v2\/users\/1"}],"replies":[{"embeddable":true,"href":"https:\/\/www.turkishgram.com\/blog\/wp-json\/wp\/v2\/comments?post=123"}],"version-history":[{"count":4,"href":"https:\/\/www.turkishgram.com\/blog\/wp-json\/wp\/v2\/posts\/123\/revisions"}],"predecessor-version":[{"id":310,"href":"https:\/\/www.turkishgram.com\/blog\/wp-json\/wp\/v2\/posts\/123\/revisions\/310"}],"wp:featuredmedia":[{"embeddable":true,"href":"https:\/\/www.turkishgram.com\/blog\/wp-json\/wp\/v2\/media\/140"}],"wp:attachment":[{"href":"https:\/\/www.turkishgram.com\/blog\/wp-json\/wp\/v2\/media?parent=123"}],"wp:term":[{"taxonomy":"category","embeddable":true,"href":"https:\/\/www.turkishgram.com\/blog\/wp-json\/wp\/v2\/categories?post=123"},{"taxonomy":"post_tag","embeddable":true,"href":"https:\/\/www.turkishgram.com\/blog\/wp-json\/wp\/v2\/tags?post=123"}],"curies":[{"name":"wp","href":"https:\/\/api.w.org\/{rel}","templated":true}]}}